{"id":21282,"date":"2024-12-31T14:01:12","date_gmt":"2024-12-31T13:01:12","guid":{"rendered":"https:\/\/die-partei-dortmund.de\/shop\/?p=21282"},"modified":"2024-12-31T14:02:21","modified_gmt":"2024-12-31T13:02:21","slug":"schals-gegen-soziale-kaelte","status":"publish","type":"post","link":"https:\/\/die-partei-dortmund.de\/shop\/schals-gegen-soziale-kaelte\/","title":{"rendered":"Schals gegen soziale K\u00e4lte"},"content":{"rendered":"<p>Liebes Wahlvieh.<\/p>\n<p>Die Bundestagswahl naht und wer jetzt schon zu viel soziale K\u00e4lte in Deutschland f\u00fchlt k\u00f6nnte danach noch eine eiskalte \u00dcberraschung bekommen. <\/p>\n<p>Doch nicht mit der Partei Die PARTEI! Wir tun etwas gegen die soziale K\u00e4lte in Deutschland und und verschenken Schals. Nach dem gro\u00dfartigen Erfolg in der offline Welt kommt dieses Angebot jetzt auch in den Shop!<br \/>\nJe 10\u20ac Einkaufswert (ohne Porto) gibt euch Die PARTEI bis zur Bundestagswahl einen Schal dazu!<br \/>\n <img loading=\"lazy\" decoding=\"async\" src=\"https:\/\/die-partei-dortmund.de\/wp-content\/uploads\/2024\/12\/IMG_20241227_202130_992-164x291.jpg\" alt=\"\" width=\"164\" height=\"291\" class=\"alignnone size-medium wp-image-6475\" \/><\/p>\n<p>Auch weiterhin werden wir auf unseren Offline Veranstaltungen Schals verschenken und nat\u00fcrlich sammeln wir auch weiterhin &#8212;&gt; <a href=\"https:\/\/die-partei-dortmund.de\/blog\/endlich-wieder-unterschreiben-2\/\" target=\"_blank\"><strong>Unterschriften<\/strong><\/p>\n<p><\/a><\/p>\n","protected":false},"excerpt":{"rendered":"<p>Liebes Wahlvieh. Die Bundestagswahl naht und wer jetzt schon zu viel soziale K\u00e4lte in Deutschland f\u00fchlt k\u00f6nnte danach noch eine eiskalte \u00dcberraschung bekommen. Doch nicht mit der Partei Die PARTEI! Wir tun etwas gegen die soziale K\u00e4lte in Deutschland und &hellip;<\/p>\n<p class=\"read-more\"> <a class=\"more-link\" href=\"https:\/\/die-partei-dortmund.de\/shop\/schals-gegen-soziale-kaelte\/\"> <span class=\"screen-reader-text\">Schals gegen soziale K\u00e4lte<\/span> Read More &raquo;<\/a><\/p>\n","protected":false},"author":10,"featured_media":0,"comment_status":"open","ping_status":"open","sticky":false,"template":"","format":"standard","meta":{"_crdt_document":"","footnotes":""},"categories":[5],"tags":[],"class_list":["post-21282","post","type-post","status-publish","format-standard","hentry","category-aktion"],"_links":{"self":[{"href":"https:\/\/die-partei-dortmund.de\/shop\/wp-json\/wp\/v2\/posts\/21282","targetHints":{"allow":["GET"]}}],"collection":[{"href":"https:\/\/die-partei-dortmund.de\/shop\/wp-json\/wp\/v2\/posts"}],"about":[{"href":"https:\/\/die-partei-dortmund.de\/shop\/wp-json\/wp\/v2\/types\/post"}],"author":[{"embeddable":true,"href":"https:\/\/die-partei-dortmund.de\/shop\/wp-json\/wp\/v2\/users\/10"}],"replies":[{"embeddable":true,"href":"https:\/\/die-partei-dortmund.de\/shop\/wp-json\/wp\/v2\/comments?post=21282"}],"version-history":[{"count":2,"href":"https:\/\/die-partei-dortmund.de\/shop\/wp-json\/wp\/v2\/posts\/21282\/revisions"}],"predecessor-version":[{"id":21284,"href":"https:\/\/die-partei-dortmund.de\/shop\/wp-json\/wp\/v2\/posts\/21282\/revisions\/21284"}],"wp:attachment":[{"href":"https:\/\/die-partei-dortmund.de\/shop\/wp-json\/wp\/v2\/media?parent=21282"}],"wp:term":[{"taxonomy":"category","embeddable":true,"href":"https:\/\/die-partei-dortmund.de\/shop\/wp-json\/wp\/v2\/categories?post=21282"},{"taxonomy":"post_tag","embeddable":true,"href":"https:\/\/die-partei-dortmund.de\/shop\/wp-json\/wp\/v2\/tags?post=21282"}],"curies":[{"name":"wp","href":"https:\/\/api.w.org\/{rel}","templated":true}]}}